{"id":1597,"date":"2012-07-08T10:00:29","date_gmt":"2012-07-08T08:00:29","guid":{"rendered":"http:\/\/competenciesiepd.blog.pangea.org\/?p=1597"},"modified":"2012-12-14T00:02:12","modified_gmt":"2012-12-13T23:02:12","slug":"de-mocambic-a-catalunya-un-viatge-amb-retorn","status":"publish","type":"post","link":"https:\/\/competenciesiepd.blog.pangea.org\/es\/de-mocambic-a-catalunya-un-viatge-amb-retorn\/","title":{"rendered":"De Mozambique a Catalunya, un viaje con retorno"},"content":{"rendered":"<p><\/p>\n<p style=\"text-align: justify\"><img loading=\"lazy\" decoding=\"async\" class=\"alignright\" src=\"http:\/\/edualter.galeria.pangea.org\/cache\/competencies-i-epd\/jornades-d-intercanvi-d-experiencies-2012\/experiencies-\/07-p01-de-mocambic-al-mon_395.jpg\" alt=\"\" width=\"159\" height=\"190\" \/><a href=\"http:\/\/competenciesiepd.blog.pangea.org\/files\/2012\/07\/En-rotllana.jpg\"><img loading=\"lazy\" decoding=\"async\" class=\"alignleft\" src=\"http:\/\/competenciesiepd.blog.pangea.org\/files\/2012\/07\/En-rotllana-300x225.jpg\" alt=\"\" width=\"300\" height=\"225\" \/><\/a>El proyecto De Mozambique a Catalu\u00f1a, un viaje con retorno desarrolla una actividad de educaci\u00f3n para el desarrollo y educaci\u00f3n intercultural para ciclo medio y superior de primaria de cuatro escuelas del barrio de Gracia de Barcelona (tres de ellas est\u00e1n inscritas al Plan Educativo de Entorno), a una escuela concertada de Sant Boi, a una escuela p\u00fablica del barrio del Raval y a una escuela de Blanes.<\/p>\n<p style=\"text-align: justify\">Esta actividad ayuda a los ni\u00f1os y ni\u00f1as a conocer y aceptar al otro, y cohesionar el mundo escolar con las familia y el barrio dentro de una sensibilizaci\u00f3n global a trav\u00e9s de los valores que surgen con la recuperaci\u00f3n de la oralidad. Permite aumentar la autoestima de los ni\u00f1os y ni\u00f1as y la confianza en las propias capacidades, empoder\u00e1ndolo. Tambi\u00e9n, potencia el reconocimiento de la propia cultura y la historia personal, familiar, de escuela y del barrio.<\/p>\n<p style=\"text-align: justify\">De Mozambique en Catalunya, es un proyecto de la <a href=\"http:\/\/www.contespelmon.org\/\" target=\"_blank\">Fundaci\u00f3 Contes pel M\u00f2n<\/a> y durante las Jornadas va a ser presentado por Merc\u00e8 Prat Perpiny\u00e0.<\/p>\n<p>El resumen de las observaciones por parte de las persones participantes y de la ponente, lo puedes bajar de<a href=\"http:\/\/competenciesiepd.blog.pangea.org\/files\/2012\/07\/Contes-pel-Mon1.pdf\" target=\"_blank\"> aqu\u00ed<\/a> (Castellano).<\/p>\n<p>Experiencia presentada en las <a href=\"http:\/\/competenciesiepd.blog.pangea.org\/sessions-de-treball\/jornades-destiu-2012-intercanvi-dexperiencies\/?lang=es\">Jornadas de Intercambio de Experiencias 2012<\/a><\/p>\n<p>\n<!-- iframe plugin v.6.0 wordpress.org\/plugins\/iframe\/ -->\n<iframe loading=\"lazy\" src=\"http:\/\/player.vimeo.com\/video\/55559703?title=0&#038;byline=0&#038;badge=0&#038;color=ff9933\" width=\"600\" height=\"337\" frameborder=\"0\" 0=\"webkitAllowFullScreen\" 1=\"mozallowfullscreen\" 2=\"allowFullScreen&gt;&lt;\/iframe\" scrolling=\"yes\" class=\"iframe-class\"><\/iframe>\n<br \/>\n <img loading=\"lazy\" decoding=\"async\" class=\"alignnone\" src=\"http:\/\/www.corredors.cat\/cursavacarisses\/logos_petits\/contes.jpg\" alt=\"\" width=\"242\" height=\"242\" \/><img loading=\"lazy\" decoding=\"async\" class=\"wp-image-1693 alignnone\" src=\"http:\/\/competenciesiepd.blog.pangea.org\/files\/2012\/07\/Narradors-africans-300x182.jpg\" alt=\"\" width=\"300\" height=\"182\" srcset=\"https:\/\/competenciesiepd.blog.pangea.org\/files\/2012\/07\/Narradors-africans-300x182.jpg 300w, https:\/\/competenciesiepd.blog.pangea.org\/files\/2012\/07\/Narradors-africans-1024x622.jpg 1024w, https:\/\/competenciesiepd.blog.pangea.org\/files\/2012\/07\/Narradors-africans.jpg 1600w\" sizes=\"auto, (max-width: 300px) 100vw, 300px\" \/><\/p>","protected":false},"excerpt":{"rendered":"<p>El proyecto De Mozambique a Catalu\u00f1a, un viaje con retorno desarrolla una actividad de educaci\u00f3n para el desarrollo y educaci\u00f3n intercultural para ciclo medio y superior de primaria de cuatro escuelas del barrio de Gracia de Barcelona (tres de ellas est\u00e1n inscritas al Plan Educativo de Entorno), a una escuela concertada de Sant Boi, a&hellip;&nbsp;<a href=\"https:\/\/competenciesiepd.blog.pangea.org\/es\/de-mocambic-a-catalunya-un-viatge-amb-retorn\/\" rel=\"bookmark\">Leer m\u00e1s &raquo;<span class=\"screen-reader-text\">De Mozambique a Catalunya, un viaje con retorno<\/span><\/a><\/p>\n","protected":false},"author":705,"featured_media":0,"comment_status":"open","ping_status":"open","sticky":false,"template":"","format":"standard","meta":{"neve_meta_sidebar":"","neve_meta_container":"","neve_meta_enable_content_width":"","neve_meta_content_width":0,"neve_meta_title_alignment":"","neve_meta_author_avatar":"","neve_post_elements_order":"","neve_meta_disable_header":"","neve_meta_disable_footer":"","neve_meta_disable_title":"","_jetpack_memberships_contains_paid_content":false,"footnotes":"","jetpack_publicize_message":"","jetpack_publicize_feature_enabled":true,"jetpack_social_post_already_shared":false,"jetpack_social_options":{"image_generator_settings":{"template":"highway","default_image_id":0,"font":"","enabled":false},"version":2}},"categories":[3,5334],"tags":[],"class_list":["post-1597","post","type-post","status-publish","format-standard","hentry","category-general","category-primaria"],"jetpack_publicize_connections":[],"jetpack_featured_media_url":"","jetpack_sharing_enabled":true,"_links":{"self":[{"href":"https:\/\/competenciesiepd.blog.pangea.org\/es\/wp-json\/wp\/v2\/posts\/1597","targetHints":{"allow":["GET"]}}],"collection":[{"href":"https:\/\/competenciesiepd.blog.pangea.org\/es\/wp-json\/wp\/v2\/posts"}],"about":[{"href":"https:\/\/competenciesiepd.blog.pangea.org\/es\/wp-json\/wp\/v2\/types\/post"}],"author":[{"embeddable":true,"href":"https:\/\/competenciesiepd.blog.pangea.org\/es\/wp-json\/wp\/v2\/users\/705"}],"replies":[{"embeddable":true,"href":"https:\/\/competenciesiepd.blog.pangea.org\/es\/wp-json\/wp\/v2\/comments?post=1597"}],"version-history":[{"count":13,"href":"https:\/\/competenciesiepd.blog.pangea.org\/es\/wp-json\/wp\/v2\/posts\/1597\/revisions"}],"predecessor-version":[{"id":1726,"href":"https:\/\/competenciesiepd.blog.pangea.org\/es\/wp-json\/wp\/v2\/posts\/1597\/revisions\/1726"}],"wp:attachment":[{"href":"https:\/\/competenciesiepd.blog.pangea.org\/es\/wp-json\/wp\/v2\/media?parent=1597"}],"wp:term":[{"taxonomy":"category","embeddable":true,"href":"https:\/\/competenciesiepd.blog.pangea.org\/es\/wp-json\/wp\/v2\/categories?post=1597"},{"taxonomy":"post_tag","embeddable":true,"href":"https:\/\/competenciesiepd.blog.pangea.org\/es\/wp-json\/wp\/v2\/tags?post=1597"}],"curies":[{"name":"wp","href":"https:\/\/api.w.org\/{rel}","templated":true}]}}